{"id":16962,"date":"2025-07-03T12:07:44","date_gmt":"2025-07-03T12:07:44","guid":{"rendered":"https:\/\/animasportugal.org\/blog\/?p=16962"},"modified":"2025-07-03T13:49:57","modified_gmt":"2025-07-03T13:49:57","slug":"poster-ii-seminario-de-humanizacao-em-saude","status":"publish","type":"post","link":"https:\/\/animasportugal.org\/blog\/poster-ii-seminario-de-humanizacao-em-saude\/","title":{"rendered":"Poster &#8211; II Semin\u00e1rio de Humaniza\u00e7\u00e3o em Sa\u00fade"},"content":{"rendered":"<h2><strong>II Semin\u00e1rio de Humaniza\u00e7\u00e3o em Sa\u00fade<\/strong><\/h2>\n<p><strong>A Prem\u00eancia do Cuidar<\/strong><\/p>\n<p>Hospital de Braga, 4 de Julho de 2025<\/p>\n<p><strong>Autores:<\/strong> Gabriela Borges, Pedro Brito<\/p>\n<p><strong>Introdu\u00e7\u00e3o<\/strong><\/p>\n<p><span class=\"OYPEnA font-feature-liga-off font-feature-clig-off font-feature-calt-off text-decoration-none text-strikethrough-none\">Consiste em Servi\u00e7os Assistidos com c\u00e3es aplicados \u00e0s crian\u00e7as e jovens utentes dos servi\u00e7os de Pediatria.<\/span><\/p>\n<p><strong><span class=\"OYPEnA font-feature-liga-off font-feature-clig-off font-feature-calt-off text-decoration-none text-strikethrough-none\">Objetivos<\/span><\/strong><\/p>\n<p><span class=\"OYPEnA font-feature-liga-off font-feature-clig-off font-feature-calt-off text-decoration-none text-strikethrough-none\">Humanizar o ambiente hospitalar; Promover o bem &#8211; estar emocional e facilitar a adapta\u00e7\u00e3o das crian\u00e7as ao internamento.<\/span><\/p>\n<p><strong><span class=\"OYPEnA font-feature-liga-off font-feature-clig-off font-feature-calt-off text-decoration-none text-strikethrough-none\">Metodologia<\/span><\/strong><\/p>\n<p><span class=\"OYPEnA font-feature-liga-off font-feature-clig-off font-feature-calt-off text-decoration-none text-strikethrough-none\">Duplas da \u00c2NIMAS visitam, semanalmente, todos os servi\u00e7os da Pediatria. Sempre acompanhadas por um profissional do Hospital. As visitas t\u00eam a dura\u00e7\u00e3o de 45 minutos, abrangendo cerca de 25-30 crian\u00e7as e igual n\u00famero de profissionais por sess\u00e3o.<\/span><\/p>\n<p><strong><span class=\"OYPEnA font-feature-liga-off font-feature-clig-off font-feature-calt-off text-decoration-none text-strikethrough-none\">Testemunhos<\/span><\/strong><\/p>\n<p class=\"cvGsUA direction-ltr align-start para-style-body\"><span class=\"OYPEnA font-feature-liga-off font-feature-clig-off font-feature-calt-off text-decoration-none text-strikethrough-none\">\u201cFoi uma surpresa! Quando os abra\u00e7o \u00e9 a melhor sensa\u00e7\u00e3o do mundo; S\u00e3o t\u00e3o meigos!<\/span><\/p>\n<p class=\"cvGsUA direction-ltr align-start para-style-body\"><span class=\"OYPEnA font-feature-liga-off font-feature-clig-off font-feature-calt-off text-decoration-none text-strikethrough-none\">Fiquei muito feliz com o mimo que deram.\u201d<\/span><\/p>\n<p><a href=\"https:\/\/youtu.be\/7AAIGO-TnNM\">V\u00eddeo com testemunhos de profissionais &#8211; link<\/a><\/p>\n<p><a href=\"https:\/\/youtu.be\/ygvdu-BI0cc\">V\u00eddeo com trabalhos de crian\u00e7as e colaboradores &#8211; link<\/a><\/p>\n<p><strong><span class=\"OYPEnA font-feature-liga-off font-feature-clig-off font-feature-calt-off text-decoration-none text-strikethrough-none\">Recomenda\u00e7\u00f5es<\/span><\/strong><\/p>\n<p class=\"cvGsUA direction-ltr align-start para-style-body\"><span class=\"OYPEnA font-feature-liga-off font-feature-clig-off font-feature-calt-off text-decoration-none text-strikethrough-none\">Alargar o servi\u00e7o \u00e0s restantes Unidades da ULS S\u00e3o Jo\u00e3o;<\/span><\/p>\n<p class=\"cvGsUA direction-ltr align-start para-style-body\"><span class=\"OYPEnA font-feature-liga-off font-feature-clig-off font-feature-calt-off text-decoration-none text-strikethrough-none\">Criar um servi\u00e7o espec\u00edfico para combater o stress e Burnout dos Profissionais.<\/span><\/p>\n<p><strong><span class=\"OYPEnA font-feature-liga-off font-feature-clig-off font-feature-calt-off text-decoration-none text-strikethrough-none\">Resultados<\/span><\/strong><\/p>\n<ul>\n<li><span class=\"OYPEnA font-feature-liga-off font-feature-clig-off font-feature-calt-off text-decoration-none text-strikethrough-none\">Redu\u00e7\u00e3o dos n\u00edveis de stress e ansiedade;<\/span><\/li>\n<li><span class=\"OYPEnA font-feature-liga-off font-feature-clig-off font-feature-calt-off text-decoration-none text-strikethrough-none\">Diminui\u00e7\u00e3o da percep\u00e7\u00e3o da dor e maior motiva\u00e7\u00e3o para colaborar em procedimentos e tratamentos;<\/span><\/li>\n<li><span class=\"OYPEnA font-feature-liga-off font-feature-clig-off font-feature-calt-off text-decoration-none text-strikethrough-none\">Promo\u00e7\u00e3o de emo\u00e7\u00f5es positivas, conforto e melhoria da qualidade de vida das crian\u00e7as hospitalizadas e das suas fam\u00edlias.<\/span><\/li>\n<\/ul>\n<div><strong><span class=\"OYPEnA font-feature-liga-off font-feature-clig-off font-feature-calt-off text-decoration-none text-strikethrough-none\">Conclus\u00e3o<\/span><\/strong><\/div>\n<ul>\n<li><span class=\"OYPEnA font-feature-liga-off font-feature-clig-off font-feature-calt-off text-decoration-none text-strikethrough-none\">O Doctor Dog contribui para um ambiente hospitalar mais acolhedor, promovendo benef\u00edcios emocionais, sociais e at\u00e9 f\u00edsicos para crian\u00e7as, fam\u00edlias e profissionais;<\/span><\/li>\n<li><span class=\"OYPEnA font-feature-liga-off font-feature-clig-off font-feature-calt-off text-decoration-none text-strikethrough-none\">A continuidade e expans\u00e3o do programa s\u00e3o recomendadas, com recolha sistem\u00e1tica de dados para aprofundar o estudo do seu impacto.<\/span><\/li>\n<\/ul>\n<p>&nbsp;<\/p>\n<p><strong>Not\u00edcias<\/strong><\/p>\n<p><a href=\"https:\/\/portocanal.sapo.pt\/noticia\/311813\">Crian\u00e7as da ala pedi\u00e1trica do S\u00e3o Jo\u00e3o recebem visitas dos animais de quatro patas &#8211; Porto Canal<\/a><\/p>\n<p><a href=\"https:\/\/cnnportugal.iol.pt\/videos\/caes-visitam-criancas-da-ala-pediatrica-do-hospital-de-sao-joao\/638b42ef0cf255d6e13e594c#:~:text=Duas%20vezes%20por%20semana%2C%20as%20crian%C3%A7as%20doentes%20da,de%20stress%20baixam%20e%20as%20crian%C3%A7as%20ficam%20felizes.\">C\u00e3es visitam crian\u00e7as da ala pedi\u00e1trica do Hospital de S\u00e3o Jo\u00e3o \u2013 CNN<\/a><\/p>\n<p><a href=\"https:\/\/animasportugal.org\/projeto-de-caes-de-assistencia-ajuda-profissionais-de-saude-do-hospital-s-joao\/\">Projeto de c\u00e3es de assist\u00eancia ajuda profissionais de sa\u00fade do hospital S. Jo\u00e3o \u2013 LUSA<\/a><\/p>\n<p><a href=\"https:\/\/sicnoticias.pt\/pais\/2023-10-04-Terapeutas-de-quatro-patas-visitam-criancas-no-Sao-Joao-7f817dd8\">\u201cTerapeutas\u201d de quatro patas visitam crian\u00e7as no S\u00e3o Jo\u00e3o \u2013 SIC<\/a><\/p>\n<p><a href=\"https:\/\/www.jn.pt\/5825143498\/muito-mimo-e-lambidelas-criancas-internadas-no-sao-joao-recebem-visitas-de-caes\/\">Muito mimo e lambidelas. Crian\u00e7as internadas no S\u00e3o Jo\u00e3o recebem visitas de c\u00e3es &#8211; JN<\/a><\/p>\n<p>&nbsp;<\/p>\n<p>&nbsp;<\/p>\n<p><strong>Bibliografia sugerida:<\/strong><\/p>\n<p><a href=\"https:\/\/drive.google.com\/file\/d\/1xIgKhvRiQSftQRko9c4viMeccffRxC1s\/view?usp=drive_link\">Animal assisted intervention A systematic review of benefits and risks<\/a><\/p>\n<p><a href=\"https:\/\/drive.google.com\/file\/d\/14jb6wOEvAqf1kAnRv9crMVCNh9ZZBBpk\/view?usp=drive_link\">An\u00e1lise bio\u00e9tica das interven\u00e7\u00f5es assistidas por animais<\/a><\/p>\n<p><a href=\"https:\/\/drive.google.com\/file\/d\/1MiDusEKEo6dylRB8GuhU7vOat_q0pMLN\/view?usp=drive_link\">Acta Paediatrica &#8211; 2019 &#8211; Lindstr m Nilsson &#8211; Children report positive experiences of animal\u2010assisted therapy in paediatric<\/a><\/p>\n<p><a href=\"https:\/\/drive.google.com\/file\/d\/1jtjkO1DK3_qe7yBDoWBzNGiWnHDIedpM\/view?usp=drive_link\">Effects of animal-assisted activity on self-reported feelings of pain in hospitalized children and adolescents<\/a><\/p>\n<p><a href=\"https:\/\/drive.google.com\/file\/d\/1upCOCuRKlP0PMBMF-Nc-uZPLT_jeOmfI\/view?usp=drive_link\">Impact of an animal-assisted therapy programme on physiological and psychosocial variables of paediatric oncology patients<\/a><\/p>\n<p><a href=\"https:\/\/drive.google.com\/file\/d\/1OJSasKZaLdEmDolOuewLtm08S1f9uE-f\/view?usp=drive_link\">The experience of animal assisted therapy on patients in an acute care setting<\/a><\/p>\n<p><a href=\"https:\/\/drive.google.com\/file\/d\/1QtEKK4EjFME4OZIT1SQ1H_bRCOnUXzy5\/view?usp=drive_link\">Attitudes of paediatric medical ward staff to a dog visitation<\/a><\/p>\n<p><a href=\"https:\/\/drive.google.com\/file\/d\/1y7JS8Zy_cMzNDrW6Da8pMEXy29YX9ZLo\/view?usp=drive_link\">Animal-Assisted Activity at A. Meyer Children\u2019s Hospital<\/a><\/p>\n<p><a href=\"https:\/\/drive.google.com\/file\/d\/1EaOrJZYTFBFZn0iuDyKfGETrwUTc3A5m\/view?usp=drive_link\">Perceptions and Practices of Key Worker Stakeholder Groups in Hospital<\/a><\/p>\n<p><a href=\"https:\/\/drive.google.com\/file\/d\/1PcOumdJ_MKuvgVGjlaSg36EVTU3g8SBM\/view?usp=drive_link\">Play and Pets-The Physical and Emotional Impact of Child-Life and Pet Therapy on Hospitalized Children<\/a><\/p>\n<p><a href=\"https:\/\/drive.google.com\/file\/d\/1tcUu_JCWU9rO9E7L3eu9_YPxvw8X--2g\/view?usp=drive_link\">The Meaning and Motivation of Children Participating in Animal-Assisted Interventions<\/a><\/p>\n<p><a href=\"https:\/\/drive.google.com\/file\/d\/1bZyVey_8fFRP9TuukSYc1PGOBYRACNGy\/view?usp=drive_link\">Therapy Dogs in the Emergency Department<\/a><\/p>\n<p><a href=\"https:\/\/drive.google.com\/file\/d\/19wDEfmpiRhqTZEox1H369ZGQOoOswjXZ\/view?usp=drive_link\">Animal-assisted therapy in the health professions (Proceedings)<\/a><\/p>\n<p><a href=\"https:\/\/drive.google.com\/file\/d\/1-H9s4gijfXbgWVL6F0aELkHkc0-fDqTy\/view?usp=drive_link\">A Pilot Study on the Contamination of Assistance Dogs Paws and Their Users Shoe Soles in Relation to Admittance to Hospitals and (In)Visible Disability<\/a><\/p>\n<p><a href=\"https:\/\/drive.google.com\/file\/d\/1w5JjWZwsrBOVLUNy0Z6xCAa1yTAJNiAS\/view?usp=drive_link\">Reactivation of a Hospital-Based Therapy Dog Visitation Program during the COVID-19 Pandemic<\/a><\/p>\n<p><a href=\"https:\/\/drive.google.com\/file\/d\/1ABfnW53IiKkzbDAu71rIN1vjwyxpJYeD\/view?usp=drive_link\">2020-covid_pets<\/a><\/p>\n<p><a href=\"https:\/\/drive.google.com\/file\/d\/1TtVmKFOFf86kBvlhfRJWvccZSVvJ-mjG\/view?usp=drive_link\">Psychosocial and Psychophysiological Effects of Human-Animal Interactions- The Possible Role of Oxytocin<\/a><\/p>\n<p><a href=\"https:\/\/drive.google.com\/file\/d\/1OZLJY62wK5Go-JJN1OiobPp4Jx9x7N4Q\/view?usp=drive_link\">The effects of facility dogs on burnout, job-related well-being, and mental health in paediatric hospital professionals<\/a><\/p>\n<p>&nbsp;<\/p>\n","protected":false},"excerpt":{"rendered":"<p>II Semin\u00e1rio de Humaniza\u00e7\u00e3o em Sa\u00fade A Prem\u00eancia do Cuidar Hospital de Braga, 4 de Julho de 2025 Autores: Gabriela Borges, Pedro Brito Introdu\u00e7\u00e3o Consiste em Servi\u00e7os Assistidos com c\u00e3es aplicados \u00e0s crian\u00e7as e jovens utentes dos servi\u00e7os de Pediatria. Objetivos Humanizar o ambiente hospitalar;&#8230;<\/p>\n","protected":false},"author":3,"featured_media":16969,"comment_status":"closed","ping_status":"closed","sticky":false,"template":"","format":"standard","meta":[],"categories":[1],"tags":[],"yoast_head":"<!-- This site is optimized with the Yoast SEO plugin v17.4 - https:\/\/yoast.com\/wordpress\/plugins\/seo\/ -->\n<title>Poster - II Semin\u00e1rio de Humaniza\u00e7\u00e3o em Sa\u00fade - \u00c2nimas - Blog<\/title>\n<meta name=\"robots\" content=\"index, follow, max-snippet:-1, max-image-preview:large, max-video-preview:-1\" \/>\n<link rel=\"canonical\" href=\"https:\/\/animasportugal.org\/blog\/poster-ii-seminario-de-humanizacao-em-saude\/\" \/>\n<meta property=\"og:locale\" content=\"pt_PT\" \/>\n<meta property=\"og:type\" content=\"article\" \/>\n<meta property=\"og:title\" content=\"Poster - II Semin\u00e1rio de Humaniza\u00e7\u00e3o em Sa\u00fade - \u00c2nimas - Blog\" \/>\n<meta property=\"og:description\" content=\"II Semin\u00e1rio de Humaniza\u00e7\u00e3o em Sa\u00fade A Prem\u00eancia do Cuidar Hospital de Braga, 4 de Julho de 2025 Autores: Gabriela Borges, Pedro Brito Introdu\u00e7\u00e3o Consiste em Servi\u00e7os Assistidos com c\u00e3es aplicados \u00e0s crian\u00e7as e jovens utentes dos servi\u00e7os de Pediatria. Objetivos Humanizar o ambiente hospitalar;...\" \/>\n<meta property=\"og:url\" content=\"https:\/\/animasportugal.org\/blog\/poster-ii-seminario-de-humanizacao-em-saude\/\" \/>\n<meta property=\"og:site_name\" content=\"\u00c2nimas - Blog\" \/>\n<meta property=\"article:published_time\" content=\"2025-07-03T12:07:44+00:00\" \/>\n<meta property=\"article:modified_time\" content=\"2025-07-03T13:49:57+00:00\" \/>\n<meta property=\"og:image\" content=\"https:\/\/animasportugal.org\/blog\/wp-content\/uploads\/2025\/06\/II-Seminario-de-Humanizacao-em-Saude-3.png\" \/>\n\t<meta property=\"og:image:width\" content=\"3401\" \/>\n\t<meta property=\"og:image:height\" content=\"4535\" \/>\n<meta name=\"twitter:card\" content=\"summary_large_image\" \/>\n<meta name=\"twitter:label1\" content=\"Escrito por\" \/>\n\t<meta name=\"twitter:data1\" content=\"Associa\u00e7\u00e3o \u00c2nimas\" \/>\n\t<meta name=\"twitter:label2\" content=\"Tempo estimado de leitura\" \/>\n\t<meta name=\"twitter:data2\" content=\"3 minutos\" \/>\n<script type=\"application\/ld+json\" class=\"yoast-schema-graph\">{\"@context\":\"https:\/\/schema.org\",\"@graph\":[{\"@type\":\"WebSite\",\"@id\":\"https:\/\/animasportugal.org\/blog\/#website\",\"url\":\"https:\/\/animasportugal.org\/blog\/\",\"name\":\"\\u00c2nimas - Blog\",\"description\":\"Associa\\u00e7\\u00e3o Portuguesa para a Interven\\u00e7\\u00e3o com Animais de Ajuda Social\",\"potentialAction\":[{\"@type\":\"SearchAction\",\"target\":{\"@type\":\"EntryPoint\",\"urlTemplate\":\"https:\/\/animasportugal.org\/blog\/?s={search_term_string}\"},\"query-input\":\"required name=search_term_string\"}],\"inLanguage\":\"pt-PT\"},{\"@type\":\"ImageObject\",\"@id\":\"https:\/\/animasportugal.org\/blog\/poster-ii-seminario-de-humanizacao-em-saude\/#primaryimage\",\"inLanguage\":\"pt-PT\",\"url\":\"https:\/\/animasportugal.org\/blog\/wp-content\/uploads\/2025\/06\/II-Seminario-de-Humanizacao-em-Saude-3.png\",\"contentUrl\":\"https:\/\/animasportugal.org\/blog\/wp-content\/uploads\/2025\/06\/II-Seminario-de-Humanizacao-em-Saude-3.png\",\"width\":3401,\"height\":4535,\"caption\":\"Poster apresenta\\u00e7\\u00e3o pelo Hospital de S\\u00e3o Jo\\u00e3o no II Semin\\u00e1rio de Humaniza\\u00e7\\u00e3o em Sa\\u00fade\"},{\"@type\":\"WebPage\",\"@id\":\"https:\/\/animasportugal.org\/blog\/poster-ii-seminario-de-humanizacao-em-saude\/#webpage\",\"url\":\"https:\/\/animasportugal.org\/blog\/poster-ii-seminario-de-humanizacao-em-saude\/\",\"name\":\"Poster - II Semin\\u00e1rio de Humaniza\\u00e7\\u00e3o em Sa\\u00fade - \\u00c2nimas - Blog\",\"isPartOf\":{\"@id\":\"https:\/\/animasportugal.org\/blog\/#website\"},\"primaryImageOfPage\":{\"@id\":\"https:\/\/animasportugal.org\/blog\/poster-ii-seminario-de-humanizacao-em-saude\/#primaryimage\"},\"datePublished\":\"2025-07-03T12:07:44+00:00\",\"dateModified\":\"2025-07-03T13:49:57+00:00\",\"author\":{\"@id\":\"https:\/\/animasportugal.org\/blog\/#\/schema\/person\/a361a8c31f4cb6d81d8f91e7b0caf0fc\"},\"breadcrumb\":{\"@id\":\"https:\/\/animasportugal.org\/blog\/poster-ii-seminario-de-humanizacao-em-saude\/#breadcrumb\"},\"inLanguage\":\"pt-PT\",\"potentialAction\":[{\"@type\":\"ReadAction\",\"target\":[\"https:\/\/animasportugal.org\/blog\/poster-ii-seminario-de-humanizacao-em-saude\/\"]}]},{\"@type\":\"BreadcrumbList\",\"@id\":\"https:\/\/animasportugal.org\/blog\/poster-ii-seminario-de-humanizacao-em-saude\/#breadcrumb\",\"itemListElement\":[{\"@type\":\"ListItem\",\"position\":1,\"name\":\"In\\u00edcio\",\"item\":\"https:\/\/animasportugal.org\/blog\/\"},{\"@type\":\"ListItem\",\"position\":2,\"name\":\"Poster &#8211; II Semin\\u00e1rio de Humaniza\\u00e7\\u00e3o em Sa\\u00fade\"}]},{\"@type\":\"Person\",\"@id\":\"https:\/\/animasportugal.org\/blog\/#\/schema\/person\/a361a8c31f4cb6d81d8f91e7b0caf0fc\",\"name\":\"Associa\\u00e7\\u00e3o \\u00c2nimas\",\"url\":\"https:\/\/animasportugal.org\/blog\/author\/associacao-animas\/\"}]}<\/script>\n<!-- \/ Yoast SEO plugin. -->","yoast_head_json":{"title":"Poster - II Semin\u00e1rio de Humaniza\u00e7\u00e3o em Sa\u00fade - \u00c2nimas - Blog","robots":{"index":"index","follow":"follow","max-snippet":"max-snippet:-1","max-image-preview":"max-image-preview:large","max-video-preview":"max-video-preview:-1"},"canonical":"https:\/\/animasportugal.org\/blog\/poster-ii-seminario-de-humanizacao-em-saude\/","og_locale":"pt_PT","og_type":"article","og_title":"Poster - II Semin\u00e1rio de Humaniza\u00e7\u00e3o em Sa\u00fade - \u00c2nimas - Blog","og_description":"II Semin\u00e1rio de Humaniza\u00e7\u00e3o em Sa\u00fade A Prem\u00eancia do Cuidar Hospital de Braga, 4 de Julho de 2025 Autores: Gabriela Borges, Pedro Brito Introdu\u00e7\u00e3o Consiste em Servi\u00e7os Assistidos com c\u00e3es aplicados \u00e0s crian\u00e7as e jovens utentes dos servi\u00e7os de Pediatria. Objetivos Humanizar o ambiente hospitalar;...","og_url":"https:\/\/animasportugal.org\/blog\/poster-ii-seminario-de-humanizacao-em-saude\/","og_site_name":"\u00c2nimas - Blog","article_published_time":"2025-07-03T12:07:44+00:00","article_modified_time":"2025-07-03T13:49:57+00:00","og_image":[{"width":3401,"height":4535,"url":"https:\/\/animasportugal.org\/blog\/wp-content\/uploads\/2025\/06\/II-Seminario-de-Humanizacao-em-Saude-3.png","type":"image\/png"}],"twitter_card":"summary_large_image","twitter_misc":{"Escrito por":"Associa\u00e7\u00e3o \u00c2nimas","Tempo estimado de leitura":"3 minutos"},"schema":{"@context":"https:\/\/schema.org","@graph":[{"@type":"WebSite","@id":"https:\/\/animasportugal.org\/blog\/#website","url":"https:\/\/animasportugal.org\/blog\/","name":"\u00c2nimas - Blog","description":"Associa\u00e7\u00e3o Portuguesa para a Interven\u00e7\u00e3o com Animais de Ajuda Social","potentialAction":[{"@type":"SearchAction","target":{"@type":"EntryPoint","urlTemplate":"https:\/\/animasportugal.org\/blog\/?s={search_term_string}"},"query-input":"required name=search_term_string"}],"inLanguage":"pt-PT"},{"@type":"ImageObject","@id":"https:\/\/animasportugal.org\/blog\/poster-ii-seminario-de-humanizacao-em-saude\/#primaryimage","inLanguage":"pt-PT","url":"https:\/\/animasportugal.org\/blog\/wp-content\/uploads\/2025\/06\/II-Seminario-de-Humanizacao-em-Saude-3.png","contentUrl":"https:\/\/animasportugal.org\/blog\/wp-content\/uploads\/2025\/06\/II-Seminario-de-Humanizacao-em-Saude-3.png","width":3401,"height":4535,"caption":"Poster apresenta\u00e7\u00e3o pelo Hospital de S\u00e3o Jo\u00e3o no II Semin\u00e1rio de Humaniza\u00e7\u00e3o em Sa\u00fade"},{"@type":"WebPage","@id":"https:\/\/animasportugal.org\/blog\/poster-ii-seminario-de-humanizacao-em-saude\/#webpage","url":"https:\/\/animasportugal.org\/blog\/poster-ii-seminario-de-humanizacao-em-saude\/","name":"Poster - II Semin\u00e1rio de Humaniza\u00e7\u00e3o em Sa\u00fade - \u00c2nimas - Blog","isPartOf":{"@id":"https:\/\/animasportugal.org\/blog\/#website"},"primaryImageOfPage":{"@id":"https:\/\/animasportugal.org\/blog\/poster-ii-seminario-de-humanizacao-em-saude\/#primaryimage"},"datePublished":"2025-07-03T12:07:44+00:00","dateModified":"2025-07-03T13:49:57+00:00","author":{"@id":"https:\/\/animasportugal.org\/blog\/#\/schema\/person\/a361a8c31f4cb6d81d8f91e7b0caf0fc"},"breadcrumb":{"@id":"https:\/\/animasportugal.org\/blog\/poster-ii-seminario-de-humanizacao-em-saude\/#breadcrumb"},"inLanguage":"pt-PT","potentialAction":[{"@type":"ReadAction","target":["https:\/\/animasportugal.org\/blog\/poster-ii-seminario-de-humanizacao-em-saude\/"]}]},{"@type":"BreadcrumbList","@id":"https:\/\/animasportugal.org\/blog\/poster-ii-seminario-de-humanizacao-em-saude\/#breadcrumb","itemListElement":[{"@type":"ListItem","position":1,"name":"In\u00edcio","item":"https:\/\/animasportugal.org\/blog\/"},{"@type":"ListItem","position":2,"name":"Poster &#8211; II Semin\u00e1rio de Humaniza\u00e7\u00e3o em Sa\u00fade"}]},{"@type":"Person","@id":"https:\/\/animasportugal.org\/blog\/#\/schema\/person\/a361a8c31f4cb6d81d8f91e7b0caf0fc","name":"Associa\u00e7\u00e3o \u00c2nimas","url":"https:\/\/animasportugal.org\/blog\/author\/associacao-animas\/"}]}},"_links":{"self":[{"href":"https:\/\/animasportugal.org\/blog\/wp-json\/wp\/v2\/posts\/16962"}],"collection":[{"href":"https:\/\/animasportugal.org\/blog\/wp-json\/wp\/v2\/posts"}],"about":[{"href":"https:\/\/animasportugal.org\/blog\/wp-json\/wp\/v2\/types\/post"}],"author":[{"embeddable":true,"href":"https:\/\/animasportugal.org\/blog\/wp-json\/wp\/v2\/users\/3"}],"replies":[{"embeddable":true,"href":"https:\/\/animasportugal.org\/blog\/wp-json\/wp\/v2\/comments?post=16962"}],"version-history":[{"count":10,"href":"https:\/\/animasportugal.org\/blog\/wp-json\/wp\/v2\/posts\/16962\/revisions"}],"predecessor-version":[{"id":16977,"href":"https:\/\/animasportugal.org\/blog\/wp-json\/wp\/v2\/posts\/16962\/revisions\/16977"}],"wp:featuredmedia":[{"embeddable":true,"href":"https:\/\/animasportugal.org\/blog\/wp-json\/wp\/v2\/media\/16969"}],"wp:attachment":[{"href":"https:\/\/animasportugal.org\/blog\/wp-json\/wp\/v2\/media?parent=16962"}],"wp:term":[{"taxonomy":"category","embeddable":true,"href":"https:\/\/animasportugal.org\/blog\/wp-json\/wp\/v2\/categories?post=16962"},{"taxonomy":"post_tag","embeddable":true,"href":"https:\/\/animasportugal.org\/blog\/wp-json\/wp\/v2\/tags?post=16962"}],"curies":[{"name":"wp","href":"https:\/\/api.w.org\/{rel}","templated":true}]}}