{"id":16760,"date":"2021-09-09T09:47:41","date_gmt":"2021-09-09T09:47:41","guid":{"rendered":"https:\/\/animasportugal.org\/blog\/?p=16760"},"modified":"2021-09-09T09:47:41","modified_gmt":"2021-09-09T09:47:41","slug":"motoristas-tvde-recusam-transportar-caes-guia-de-clientes-invisuais-rr","status":"publish","type":"post","link":"https:\/\/animasportugal.org\/blog\/motoristas-tvde-recusam-transportar-caes-guia-de-clientes-invisuais-rr\/","title":{"rendered":"Motoristas TVDE recusam transportar c\u00e3es-guia de clientes invisuais &#8211; RR"},"content":{"rendered":"<p>A <a href=\"https:\/\/rr.sapo.pt\/especial\/pais\/2021\/09\/09\/motoristas-tvde-recusam-transportar-caes-guia-de-clientes-invisuais\/252484\/\">not\u00edcia<\/a> conta a realidade que os utilizadores de C\u00e3es de Assist\u00eancia enfrentam diariamente.<br \/>\nPoder-se-ia adjetivar tal atitude de in\u00fameras formas, mas isso n\u00e3o ajuda.<br \/>\nA Uber, tal como Pilatos, lava as m\u00e3os, mas n\u00e3o diz se h\u00e1 penaliza\u00e7\u00e3o para os motoristas prevaricadores.<br \/>\nAs medidas de penaliza\u00e7\u00e3o est\u00e3o previstas. \u00c9 preciso fazer queixa a uma autoridade, mas perde-se tempo. E nada impede que o pr\u00f3ximo Uber que se chame n\u00e3o fa\u00e7a o mesmo.<br \/>\nQuando chamamos um Uber ou um T\u00e1xi \u00e9 porque precisamos de ser transportados a qualquer lado. Temos um compromisso.<br \/>\nTemos uma hora prevista para a chegada.<br \/>\nChamamos. Chega. Recusa o servi\u00e7o. Ficamos nervosos. Temos que chamar a Autoridade Policial e esperar. Explicar tudo. Por vezes, temos que tamb\u00e9m explicar aos Agentes.<br \/>\nE depois voltar a chamar um novo servi\u00e7o e esperar que n\u00e3o se repita.<\/p>\n<p>Isto de se ter uma Diversidade Funcional &#8220;n\u00e3o \u00e9 para amadores&#8221; como diz uma amiga.<\/p>\n","protected":false},"excerpt":{"rendered":"<p>A not\u00edcia conta a realidade que os utilizadores de C\u00e3es de Assist\u00eancia enfrentam diariamente. Poder-se-ia adjetivar tal atitude de in\u00fameras formas, mas isso n\u00e3o ajuda. A Uber, tal como Pilatos, lava as m\u00e3os, mas n\u00e3o diz se h\u00e1 penaliza\u00e7\u00e3o para os motoristas prevaricadores. As medidas&#8230;<\/p>\n","protected":false},"author":3,"featured_media":0,"comment_status":"closed","ping_status":"closed","sticky":false,"template":"","format":"standard","meta":[],"categories":[1],"tags":[],"yoast_head":"<!-- This site is optimized with the Yoast SEO plugin v17.4 - https:\/\/yoast.com\/wordpress\/plugins\/seo\/ -->\n<title>Motoristas TVDE recusam transportar c\u00e3es-guia de clientes invisuais - RR - \u00c2nimas - Blog<\/title>\n<meta name=\"robots\" content=\"index, follow, max-snippet:-1, max-image-preview:large, max-video-preview:-1\" \/>\n<link rel=\"canonical\" href=\"https:\/\/animasportugal.org\/blog\/motoristas-tvde-recusam-transportar-caes-guia-de-clientes-invisuais-rr\/\" \/>\n<meta property=\"og:locale\" content=\"pt_PT\" \/>\n<meta property=\"og:type\" content=\"article\" \/>\n<meta property=\"og:title\" content=\"Motoristas TVDE recusam transportar c\u00e3es-guia de clientes invisuais - RR - \u00c2nimas - Blog\" \/>\n<meta property=\"og:description\" content=\"A not\u00edcia conta a realidade que os utilizadores de C\u00e3es de Assist\u00eancia enfrentam diariamente. Poder-se-ia adjetivar tal atitude de in\u00fameras formas, mas isso n\u00e3o ajuda. A Uber, tal como Pilatos, lava as m\u00e3os, mas n\u00e3o diz se h\u00e1 penaliza\u00e7\u00e3o para os motoristas prevaricadores. As medidas...\" \/>\n<meta property=\"og:url\" content=\"https:\/\/animasportugal.org\/blog\/motoristas-tvde-recusam-transportar-caes-guia-de-clientes-invisuais-rr\/\" \/>\n<meta property=\"og:site_name\" content=\"\u00c2nimas - Blog\" \/>\n<meta property=\"article:published_time\" content=\"2021-09-09T09:47:41+00:00\" \/>\n<meta name=\"twitter:card\" content=\"summary_large_image\" \/>\n<meta name=\"twitter:label1\" content=\"Escrito por\" \/>\n\t<meta name=\"twitter:data1\" content=\"Associa\u00e7\u00e3o \u00c2nimas\" \/>\n\t<meta name=\"twitter:label2\" content=\"Tempo estimado de leitura\" \/>\n\t<meta name=\"twitter:data2\" content=\"1 minuto\" \/>\n<script type=\"application\/ld+json\" class=\"yoast-schema-graph\">{\"@context\":\"https:\/\/schema.org\",\"@graph\":[{\"@type\":\"WebSite\",\"@id\":\"https:\/\/animasportugal.org\/blog\/#website\",\"url\":\"https:\/\/animasportugal.org\/blog\/\",\"name\":\"\\u00c2nimas - Blog\",\"description\":\"Associa\\u00e7\\u00e3o Portuguesa para a Interven\\u00e7\\u00e3o com Animais de Ajuda Social\",\"potentialAction\":[{\"@type\":\"SearchAction\",\"target\":{\"@type\":\"EntryPoint\",\"urlTemplate\":\"https:\/\/animasportugal.org\/blog\/?s={search_term_string}\"},\"query-input\":\"required name=search_term_string\"}],\"inLanguage\":\"pt-PT\"},{\"@type\":\"WebPage\",\"@id\":\"https:\/\/animasportugal.org\/blog\/motoristas-tvde-recusam-transportar-caes-guia-de-clientes-invisuais-rr\/#webpage\",\"url\":\"https:\/\/animasportugal.org\/blog\/motoristas-tvde-recusam-transportar-caes-guia-de-clientes-invisuais-rr\/\",\"name\":\"Motoristas TVDE recusam transportar c\\u00e3es-guia de clientes invisuais - RR - \\u00c2nimas - Blog\",\"isPartOf\":{\"@id\":\"https:\/\/animasportugal.org\/blog\/#website\"},\"datePublished\":\"2021-09-09T09:47:41+00:00\",\"dateModified\":\"2021-09-09T09:47:41+00:00\",\"author\":{\"@id\":\"https:\/\/animasportugal.org\/blog\/#\/schema\/person\/a361a8c31f4cb6d81d8f91e7b0caf0fc\"},\"breadcrumb\":{\"@id\":\"https:\/\/animasportugal.org\/blog\/motoristas-tvde-recusam-transportar-caes-guia-de-clientes-invisuais-rr\/#breadcrumb\"},\"inLanguage\":\"pt-PT\",\"potentialAction\":[{\"@type\":\"ReadAction\",\"target\":[\"https:\/\/animasportugal.org\/blog\/motoristas-tvde-recusam-transportar-caes-guia-de-clientes-invisuais-rr\/\"]}]},{\"@type\":\"BreadcrumbList\",\"@id\":\"https:\/\/animasportugal.org\/blog\/motoristas-tvde-recusam-transportar-caes-guia-de-clientes-invisuais-rr\/#breadcrumb\",\"itemListElement\":[{\"@type\":\"ListItem\",\"position\":1,\"name\":\"In\\u00edcio\",\"item\":\"https:\/\/animasportugal.org\/blog\/\"},{\"@type\":\"ListItem\",\"position\":2,\"name\":\"Motoristas TVDE recusam transportar c\\u00e3es-guia de clientes invisuais &#8211; RR\"}]},{\"@type\":\"Person\",\"@id\":\"https:\/\/animasportugal.org\/blog\/#\/schema\/person\/a361a8c31f4cb6d81d8f91e7b0caf0fc\",\"name\":\"Associa\\u00e7\\u00e3o \\u00c2nimas\",\"url\":\"https:\/\/animasportugal.org\/blog\/author\/associacao-animas\/\"}]}<\/script>\n<!-- \/ Yoast SEO plugin. -->","yoast_head_json":{"title":"Motoristas TVDE recusam transportar c\u00e3es-guia de clientes invisuais - RR - \u00c2nimas - Blog","robots":{"index":"index","follow":"follow","max-snippet":"max-snippet:-1","max-image-preview":"max-image-preview:large","max-video-preview":"max-video-preview:-1"},"canonical":"https:\/\/animasportugal.org\/blog\/motoristas-tvde-recusam-transportar-caes-guia-de-clientes-invisuais-rr\/","og_locale":"pt_PT","og_type":"article","og_title":"Motoristas TVDE recusam transportar c\u00e3es-guia de clientes invisuais - RR - \u00c2nimas - Blog","og_description":"A not\u00edcia conta a realidade que os utilizadores de C\u00e3es de Assist\u00eancia enfrentam diariamente. Poder-se-ia adjetivar tal atitude de in\u00fameras formas, mas isso n\u00e3o ajuda. A Uber, tal como Pilatos, lava as m\u00e3os, mas n\u00e3o diz se h\u00e1 penaliza\u00e7\u00e3o para os motoristas prevaricadores. As medidas...","og_url":"https:\/\/animasportugal.org\/blog\/motoristas-tvde-recusam-transportar-caes-guia-de-clientes-invisuais-rr\/","og_site_name":"\u00c2nimas - Blog","article_published_time":"2021-09-09T09:47:41+00:00","twitter_card":"summary_large_image","twitter_misc":{"Escrito por":"Associa\u00e7\u00e3o \u00c2nimas","Tempo estimado de leitura":"1 minuto"},"schema":{"@context":"https:\/\/schema.org","@graph":[{"@type":"WebSite","@id":"https:\/\/animasportugal.org\/blog\/#website","url":"https:\/\/animasportugal.org\/blog\/","name":"\u00c2nimas - Blog","description":"Associa\u00e7\u00e3o Portuguesa para a Interven\u00e7\u00e3o com Animais de Ajuda Social","potentialAction":[{"@type":"SearchAction","target":{"@type":"EntryPoint","urlTemplate":"https:\/\/animasportugal.org\/blog\/?s={search_term_string}"},"query-input":"required name=search_term_string"}],"inLanguage":"pt-PT"},{"@type":"WebPage","@id":"https:\/\/animasportugal.org\/blog\/motoristas-tvde-recusam-transportar-caes-guia-de-clientes-invisuais-rr\/#webpage","url":"https:\/\/animasportugal.org\/blog\/motoristas-tvde-recusam-transportar-caes-guia-de-clientes-invisuais-rr\/","name":"Motoristas TVDE recusam transportar c\u00e3es-guia de clientes invisuais - RR - \u00c2nimas - Blog","isPartOf":{"@id":"https:\/\/animasportugal.org\/blog\/#website"},"datePublished":"2021-09-09T09:47:41+00:00","dateModified":"2021-09-09T09:47:41+00:00","author":{"@id":"https:\/\/animasportugal.org\/blog\/#\/schema\/person\/a361a8c31f4cb6d81d8f91e7b0caf0fc"},"breadcrumb":{"@id":"https:\/\/animasportugal.org\/blog\/motoristas-tvde-recusam-transportar-caes-guia-de-clientes-invisuais-rr\/#breadcrumb"},"inLanguage":"pt-PT","potentialAction":[{"@type":"ReadAction","target":["https:\/\/animasportugal.org\/blog\/motoristas-tvde-recusam-transportar-caes-guia-de-clientes-invisuais-rr\/"]}]},{"@type":"BreadcrumbList","@id":"https:\/\/animasportugal.org\/blog\/motoristas-tvde-recusam-transportar-caes-guia-de-clientes-invisuais-rr\/#breadcrumb","itemListElement":[{"@type":"ListItem","position":1,"name":"In\u00edcio","item":"https:\/\/animasportugal.org\/blog\/"},{"@type":"ListItem","position":2,"name":"Motoristas TVDE recusam transportar c\u00e3es-guia de clientes invisuais &#8211; RR"}]},{"@type":"Person","@id":"https:\/\/animasportugal.org\/blog\/#\/schema\/person\/a361a8c31f4cb6d81d8f91e7b0caf0fc","name":"Associa\u00e7\u00e3o \u00c2nimas","url":"https:\/\/animasportugal.org\/blog\/author\/associacao-animas\/"}]}},"_links":{"self":[{"href":"https:\/\/animasportugal.org\/blog\/wp-json\/wp\/v2\/posts\/16760"}],"collection":[{"href":"https:\/\/animasportugal.org\/blog\/wp-json\/wp\/v2\/posts"}],"about":[{"href":"https:\/\/animasportugal.org\/blog\/wp-json\/wp\/v2\/types\/post"}],"author":[{"embeddable":true,"href":"https:\/\/animasportugal.org\/blog\/wp-json\/wp\/v2\/users\/3"}],"replies":[{"embeddable":true,"href":"https:\/\/animasportugal.org\/blog\/wp-json\/wp\/v2\/comments?post=16760"}],"version-history":[{"count":1,"href":"https:\/\/animasportugal.org\/blog\/wp-json\/wp\/v2\/posts\/16760\/revisions"}],"predecessor-version":[{"id":16761,"href":"https:\/\/animasportugal.org\/blog\/wp-json\/wp\/v2\/posts\/16760\/revisions\/16761"}],"wp:attachment":[{"href":"https:\/\/animasportugal.org\/blog\/wp-json\/wp\/v2\/media?parent=16760"}],"wp:term":[{"taxonomy":"category","embeddable":true,"href":"https:\/\/animasportugal.org\/blog\/wp-json\/wp\/v2\/categories?post=16760"},{"taxonomy":"post_tag","embeddable":true,"href":"https:\/\/animasportugal.org\/blog\/wp-json\/wp\/v2\/tags?post=16760"}],"curies":[{"name":"wp","href":"https:\/\/api.w.org\/{rel}","templated":true}]}}